{"id":422,"date":"2022-06-05T11:00:00","date_gmt":"2022-06-05T09:00:00","guid":{"rendered":"http:\/\/mue352011.bplaced.net\/wordpress\/?p=422"},"modified":"2024-01-14T14:00:37","modified_gmt":"2024-01-14T13:00:37","slug":"news","status":"publish","type":"post","link":"https:\/\/mue352011.bplaced.net\/wordpress\/?p=422","title":{"rendered":"News aktuell"},"content":{"rendered":"\n<h2 class=\"wp-block-heading has-text-align-center\">Wir sind Preistr\u00e4ger<\/h2>\n\n\n\n<p class=\"has-text-align-center\">&#8220;<strong>Versmolder B\u00fcrgerpreis 2022<\/strong>&#8220;<\/p>\n\n\n<div class=\"wp-block-image\">\n<figure class=\"aligncenter size-full\"><img loading=\"lazy\" decoding=\"async\" width=\"640\" height=\"480\" src=\"https:\/\/mue352011.bplaced.net\/wordpress\/wp-content\/uploads\/2022\/06\/BP2022_20220603_01.jpg\" alt=\"\" class=\"wp-image-1482\" srcset=\"https:\/\/mue352011.bplaced.net\/wordpress\/wp-content\/uploads\/2022\/06\/BP2022_20220603_01.jpg 640w, https:\/\/mue352011.bplaced.net\/wordpress\/wp-content\/uploads\/2022\/06\/BP2022_20220603_01-300x225.jpg 300w\" sizes=\"auto, (max-width: 640px) 100vw, 640px\" \/><\/figure>\n<\/div>\n\n\n<p class=\"has-text-align-center\">Stellvertretend f\u00fcr alle Teilnehmenden, Helfer:innen und Unterst\u00fctzer vom LiVe-Lauftreff in Versmold incl. Walkingtreff haben Matthias, Hansi und Ralf den <strong>Versmolder B\u00fcrgerpreis 2022<\/strong> in der Kategorie<br> <strong>&#8220;Gemeinsam sind wir stark &#8220;<\/strong><br> am 03. Juni entgegen genommen.<\/p>\n\n\n\n<p class=\"has-text-align-center\"><strong>Die zugeh\u00f6rige Urkunde<\/strong><\/p>\n\n\n<div class=\"wp-block-image\">\n<figure class=\"aligncenter size-full\"><img loading=\"lazy\" decoding=\"async\" width=\"480\" height=\"658\" src=\"https:\/\/mue352011.bplaced.net\/wordpress\/wp-content\/uploads\/2022\/06\/BP2022_20220603_02-1.jpg\" alt=\"\" class=\"wp-image-1484\" srcset=\"https:\/\/mue352011.bplaced.net\/wordpress\/wp-content\/uploads\/2022\/06\/BP2022_20220603_02-1.jpg 480w, https:\/\/mue352011.bplaced.net\/wordpress\/wp-content\/uploads\/2022\/06\/BP2022_20220603_02-1-219x300.jpg 219w\" sizes=\"auto, (max-width: 480px) 100vw, 480px\" \/><\/figure>\n<\/div>\n\n\n<hr class=\"wp-block-separator has-css-opacity\"\/>\n\n\n\n<h2 class=\"wp-block-heading has-text-align-center\">Aktueller Status<\/h2>\n\n\n\n<p class=\"has-text-align-center\">Wie gewohnt treffen wir uns <\/p>\n\n\n\n<center>\n<ul><li>L\u00e4ufer &#8211; Dienstag und Donnerstag ab 19:00 Uhr<\/li><li>(Nordic)Walker &#8211; Freitag ab 17:30 Uhr<\/li><\/ul>\n<\/center>\n\n\n\n<p class=\"has-text-align-center\">am Kurt-Nagel-Parkstadion am Caldenhofer Weg zur Lauf- \/ Walkingrunde lt. <a href=\"https:\/\/mue352011.bplaced.net\/wordpress\/?page_id=26\">Angebot<\/a>.<\/p>\n\n\n\n<p class=\"has-text-align-center\"><\/p>\n\n\n\n<hr\/>\n<h2 align=center>Alternative<\/h2>\n\n<p align=center>\n<b>Wer sich weiterhin mit anderen L\u00e4ufer\/innen messen m\u00f6chte, kann das bei virtuellen Lauf-bzw. Walkingveranstaltungen machen, die im Internet angeboten werden.<\/p>\n\n<center>\n\n<ul>\n  <li><a href=\"https:\/\/lauf-weiter.de\" target=\"_blank\" rel=\"noopener\">lauf-weiter.de<\/a><\/li>\n  <li><a href=\"https:\/\/virtualrunners.de\" target=\"_blank\" rel=\"noopener\">virtualrunners.de<\/a><\/li>\n  <li><a href=\"https:\/\/deutschlandlaeuftweiter.de\" target=\"_blank\" rel=\"noopener\">deutschlandlaeuftweiter.de<\/a><\/li>\n  <li><a href=\"https:\/\/www.runnersworld.de\" target=\"_blank\" rel=\"noopener\">www.runnersworld.de<\/a><\/li>\n<\/ul>\n\n<\/center>\n\n<p align=center>\nNach so einem Lauf\/Walk sollte der Teilnehmer einen Hinweis -mit Quellennachweis- an uns per e-mail <a href=\"mailto:lauftreff-in-versmold@gmx.de\">lauftreff-in-versmold@gmx.de<\/a> senden, damit wir das Resultat in unsere Ergebnisliste<br>und in die Statistik einpflegen k\u00f6nnen.<\/b><\/p>\n","protected":false},"excerpt":{"rendered":"<p>Wir sind Preistr\u00e4ger &#8220;Versmolder B\u00fcrgerpreis 2022&#8220; Stellvertretend f\u00fcr alle Teilnehmenden, Helfer:innen und Unterst\u00fctzer vom LiVe-Lauftreff in Versmold incl. Walkingtreff haben Matthias, Hansi und Ralf den [&#8230;]<\/p>\n","protected":false},"author":3,"featured_media":0,"comment_status":"closed","ping_status":"closed","sticky":false,"template":"","format":"standard","meta":{"footnotes":""},"categories":[1],"tags":[],"class_list":["post-422","post","type-post","status-publish","format-standard","hentry","category-allgemein"],"_links":{"self":[{"href":"https:\/\/mue352011.bplaced.net\/wordpress\/index.php?rest_route=\/wp\/v2\/posts\/422","targetHints":{"allow":["GET"]}}],"collection":[{"href":"https:\/\/mue352011.bplaced.net\/wordpress\/index.php?rest_route=\/wp\/v2\/posts"}],"about":[{"href":"https:\/\/mue352011.bplaced.net\/wordpress\/index.php?rest_route=\/wp\/v2\/types\/post"}],"author":[{"embeddable":true,"href":"https:\/\/mue352011.bplaced.net\/wordpress\/index.php?rest_route=\/wp\/v2\/users\/3"}],"replies":[{"embeddable":true,"href":"https:\/\/mue352011.bplaced.net\/wordpress\/index.php?rest_route=%2Fwp%2Fv2%2Fcomments&post=422"}],"version-history":[{"count":30,"href":"https:\/\/mue352011.bplaced.net\/wordpress\/index.php?rest_route=\/wp\/v2\/posts\/422\/revisions"}],"predecessor-version":[{"id":1748,"href":"https:\/\/mue352011.bplaced.net\/wordpress\/index.php?rest_route=\/wp\/v2\/posts\/422\/revisions\/1748"}],"wp:attachment":[{"href":"https:\/\/mue352011.bplaced.net\/wordpress\/index.php?rest_route=%2Fwp%2Fv2%2Fmedia&parent=422"}],"wp:term":[{"taxonomy":"category","embeddable":true,"href":"https:\/\/mue352011.bplaced.net\/wordpress\/index.php?rest_route=%2Fwp%2Fv2%2Fcategories&post=422"},{"taxonomy":"post_tag","embeddable":true,"href":"https:\/\/mue352011.bplaced.net\/wordpress\/index.php?rest_route=%2Fwp%2Fv2%2Ftags&post=422"}],"curies":[{"name":"wp","href":"https:\/\/api.w.org\/{rel}","templated":true}]}}