{"id":975,"date":"2021-04-11T10:37:44","date_gmt":"2021-04-11T08:37:44","guid":{"rendered":"https:\/\/mue352011.bplaced.net\/wordpress\/?p=975"},"modified":"2021-05-03T17:13:58","modified_gmt":"2021-05-03T15:13:58","slug":"aktionen","status":"publish","type":"post","link":"https:\/\/mue352011.bplaced.net\/wordpress\/?p=975","title":{"rendered":"Aktion #VERSMOLDL\u00c4UFT"},"content":{"rendered":"\n<h2 class=\"wp-block-heading\">Wir machen mit &#8211; #VERSMOLDL\u00c4UFT<\/h2>\n\n\n\n<figure class=\"wp-block-image size-large\"><img loading=\"lazy\" decoding=\"async\" width=\"960\" height=\"366\" src=\"https:\/\/mue352011.bplaced.net\/wordpress\/wp-content\/uploads\/2021\/04\/VS_LAUEFT_2021_01.jpg\" alt=\"\" class=\"wp-image-976\" srcset=\"https:\/\/mue352011.bplaced.net\/wordpress\/wp-content\/uploads\/2021\/04\/VS_LAUEFT_2021_01.jpg 960w, https:\/\/mue352011.bplaced.net\/wordpress\/wp-content\/uploads\/2021\/04\/VS_LAUEFT_2021_01-300x114.jpg 300w, https:\/\/mue352011.bplaced.net\/wordpress\/wp-content\/uploads\/2021\/04\/VS_LAUEFT_2021_01-768x293.jpg 768w\" sizes=\"auto, (max-width: 960px) 100vw, 960px\" \/><\/figure>\n\n\n\n<p>Was liegt n\u00e4her? Nat\u00fcrlich war auch der Lauftreff-in-Versmold mit dabei bei der Laufchallenge <a rel=\"noreferrer noopener\" data-jzz-gui-player=\"true\" href=\"https:\/\/www.facebook.com\/hashtag\/versmoldl%C3%A4uft?__eep__=6&amp;__cft__[0]=AZUo60VTprQnCnnjemG5Byu-kX8vNvBg-azUlnA33_bOxeYY2bPjyk3oOH0cS8qGP8MaYMOso7O_7I-LxYka60ODrqd-JO09PNtHM9bpebEiBAyaqcySU3wuDsKrwqs78zbL-q8e3QemZeTDffz-ixYz&amp;__tn__=*NK-R\" target=\"_blank\">#versmoldl\u00e4uft<\/a> . Es wurde gelaufen f\u00fcr B\u00e4ume, die in der \u201egr\u00fcnen Lunge\u201c von Versmold, dem Stadtpark, gepflanzt werden sollen. Pro 100 km ein neuer Baum. <\/p>\n\n\n\n<h2 class=\"has-text-align-center wp-block-heading\">&#8220;Kilometer-Stand&#8221; der Challenge zum Finale (30.04.2021)<\/h2>\n\n\n\n<h3 class=\"has-text-align-center wp-block-heading\"><strong>Gesamtkilometer: 46.343 km<\/strong><\/h3>\n\n\n\n<h3 class=\"has-text-align-center wp-block-heading\"><strong>Entspricht 463 B\u00e4umen !!!<\/strong><\/h3>\n\n\n\n<p>Wir hatten eine wirklich starkes Team am Start. 33 L\u00e4ufer\/innen, Walker\/innen und Spazierg\u00e4nger\/innen haben f\u00fcr den<strong> LiVe-Lauftreff in Versmold<\/strong> im Aktionzeitraum von 22 Tagen Kilometer gesammelt.<\/p>\n\n\n\n<p>Dabei sind<strong> 4186,42 Kilometer<\/strong> zusammen gekommen; &#8230;.und damit -allein von uns- mehr als <strong>40 B\u00e4ume<\/strong> f\u00fcr den Stadtpark oder an anderer Stelle im Stadtgebiet.&nbsp;<strong> <\/strong><\/p>\n\n\n\n<h2 class=\"has-text-align-center wp-block-heading\"><strong>DANKE !<\/strong><\/h2>\n\n\n\n<p>Weiter Infos zur Aktion auf der Facebook-Seite von &#8220;<a rel=\"noreferrer noopener\" href=\"https:\/\/www.facebook.com\/togetherversmold\" data-type=\"URL\" data-id=\"https:\/\/www.facebook.com\/togetherversmold\" target=\"_blank\">Together Versmold<\/a>&#8220;.<\/p>\n","protected":false},"excerpt":{"rendered":"<p>Wir machen mit &#8211; #VERSMOLDL\u00c4UFT Was liegt n\u00e4her? Nat\u00fcrlich war auch der Lauftreff-in-Versmold mit dabei bei der Laufchallenge #versmoldl\u00e4uft . Es wurde gelaufen f\u00fcr B\u00e4ume, [&#8230;]<\/p>\n","protected":false},"author":3,"featured_media":0,"comment_status":"closed","ping_status":"closed","sticky":false,"template":"","format":"standard","meta":{"footnotes":""},"categories":[7],"tags":[],"class_list":["post-975","post","type-post","status-publish","format-standard","hentry","category-aktionen"],"_links":{"self":[{"href":"https:\/\/mue352011.bplaced.net\/wordpress\/index.php?rest_route=\/wp\/v2\/posts\/975","targetHints":{"allow":["GET"]}}],"collection":[{"href":"https:\/\/mue352011.bplaced.net\/wordpress\/index.php?rest_route=\/wp\/v2\/posts"}],"about":[{"href":"https:\/\/mue352011.bplaced.net\/wordpress\/index.php?rest_route=\/wp\/v2\/types\/post"}],"author":[{"embeddable":true,"href":"https:\/\/mue352011.bplaced.net\/wordpress\/index.php?rest_route=\/wp\/v2\/users\/3"}],"replies":[{"embeddable":true,"href":"https:\/\/mue352011.bplaced.net\/wordpress\/index.php?rest_route=%2Fwp%2Fv2%2Fcomments&post=975"}],"version-history":[{"count":20,"href":"https:\/\/mue352011.bplaced.net\/wordpress\/index.php?rest_route=\/wp\/v2\/posts\/975\/revisions"}],"predecessor-version":[{"id":1046,"href":"https:\/\/mue352011.bplaced.net\/wordpress\/index.php?rest_route=\/wp\/v2\/posts\/975\/revisions\/1046"}],"wp:attachment":[{"href":"https:\/\/mue352011.bplaced.net\/wordpress\/index.php?rest_route=%2Fwp%2Fv2%2Fmedia&parent=975"}],"wp:term":[{"taxonomy":"category","embeddable":true,"href":"https:\/\/mue352011.bplaced.net\/wordpress\/index.php?rest_route=%2Fwp%2Fv2%2Fcategories&post=975"},{"taxonomy":"post_tag","embeddable":true,"href":"https:\/\/mue352011.bplaced.net\/wordpress\/index.php?rest_route=%2Fwp%2Fv2%2Ftags&post=975"}],"curies":[{"name":"wp","href":"https:\/\/api.w.org\/{rel}","templated":true}]}}